


{"id":9045,"date":"2024-01-24T06:00:54","date_gmt":"2024-01-24T11:00:54","guid":{"rendered":"https:\/\/informatech.energir.com\/?p=9045"},"modified":"2024-01-24T08:22:49","modified_gmt":"2024-01-24T13:22:49","slug":"lusine-bridgestone-de-joliette-donne-lexemple-en-matiere-de-decarbonation","status":"publish","type":"post","link":"https:\/\/informatech.energir.com\/?p=9045","title":{"rendered":"Projet Humaniti Montr\u00e9al : mutualiser l\u2019\u00e9nergie pour consommer moins et mieux"},"content":{"rendered":"<div id=\"pl-9045\" class=\"panel-layout\"><div id=\"pg-9045-0\" class=\"panel-grid panel-no-style\"><div id=\"pgc-9045-0-0\" class=\"panel-grid-cell\"><div id=\"panel-9045-0-0-0\" class=\"so-panel widget widget_sow-editor panel-first-child panel-last-child\" data-index=\"0\"><div class=\"so-widget-sow-editor so-widget-sow-editor-base\">\n<div class=\"siteorigin-widget-tinymce textwidget\">\n\t<h2>Situ&eacute; &agrave; l&rsquo;angle de la rue De Bleury et de l&rsquo;avenue Viger, au c&oelig;ur du Quartier international de Montr&eacute;al, le projet Humaniti est un complexe multifonctionnel de nouvelle g&eacute;n&eacute;ration dont la multiplicit&eacute; des usages &ndash; r&eacute;sidentiel, h&ocirc;telier, commercial et bureaux &ndash; a n&eacute;cessit&eacute; une approche innovante en mati&egrave;re de gestion de l&rsquo;&eacute;nergie.<\/h2>\n<\/div>\n<\/div><\/div><\/div><\/div><div id=\"pg-9045-1\" class=\"panel-grid panel-no-style\"><div id=\"pgc-9045-1-0\" class=\"panel-grid-cell\"><div id=\"panel-9045-1-0-0\" class=\"so-panel widget widget_sow-editor panel-first-child\" data-index=\"1\"><div class=\"so-widget-sow-editor so-widget-sow-editor-base\">\n<div class=\"siteorigin-widget-tinymce textwidget\">\n\t<h3>Un milieu de vie branch&eacute; sur l&rsquo;avenir<\/h3>\n<p>Mise en service et op&eacute;r&eacute;e par COGIR Immobilier depuis 2020, Humaniti se pr&eacute;sente comme la premi&egrave;re &laquo; communaut&eacute; verticale &eacute;volu&eacute;e &raquo; &agrave; Montr&eacute;al, &agrave;&nbsp;la fois connect&eacute;e et intelligente. Fruit d&rsquo;un concept architectural audacieux sign&eacute; par la firme Lemay, le complexe se compose de trois b&acirc;timents qui abritent 151 condominiums, 314 appartements locatifs, un h&ocirc;tel de la prestigieuse Collection Autograph Marriott (le premier au Qu&eacute;bec), deux restaurants, une salle d&rsquo;entra&icirc;nement ultramoderne, deux piscines sur le toit, deux &laquo; Sky Lounge &raquo;, un &eacute;difice &agrave; bureaux et des espaces commerciaux.<\/p>\n<h3>Efficacit&eacute; &agrave; tous les &eacute;tages<\/h3>\n<p>D&eacute;termin&eacute;s &agrave; &laquo; repousser les limites du d&eacute;veloppement durable &raquo;, les concepteurs du projet se sont fix&eacute;s des objectifs environnementaux tr&egrave;s &eacute;lev&eacute;s, avec une certification LEED &agrave; la cl&eacute;. Pour ce faire, ils ont mis&eacute; sur une enveloppe en murs-rideaux extr&ecirc;mement performante, une saine gestion de l&rsquo;eau (appareils efficaces et r&eacute;cup&eacute;ration de l&rsquo;eau de pluie), mais aussi et surtout, sur un syst&egrave;me de boucle d&rsquo;eau mitig&eacute;e raccord&eacute;e &agrave; des thermopompes qui permet d&rsquo;optimiser l&rsquo;efficacit&eacute; &eacute;nerg&eacute;tique du complexe.<\/p>\n<\/div>\n<\/div><\/div><div id=\"panel-9045-1-0-1\" class=\"so-panel widget widget_sow-editor panel-last-child\" data-index=\"2\"><div class=\"so-widget-sow-editor so-widget-sow-editor-base\">\n<div class=\"siteorigin-widget-tinymce textwidget\">\n\t<h3>Synergie verticale<\/h3>\n<p>Faisant appel &agrave; une centrale thermique et &agrave; des tours d&rsquo;eau avec refroidisseur, le syst&egrave;me r&eacute;cup&egrave;re la chaleur et le froid rejet&eacute;s par les thermopompes pour r&eacute;duire les besoins &eacute;nerg&eacute;tiques du complexe &ndash; et donc ses &eacute;missions de&nbsp;CO<sub>2<\/sub>.  <\/p>\n<blockquote><p>&laquo; C&rsquo;est une boucle &eacute;nerg&eacute;tique, mais &agrave; la verticale. Lorsque la boucle a besoin d&rsquo;&ecirc;tre chauff&eacute;e, c&rsquo;est la centrale thermique qui fournit la chaleur; lorsqu&rsquo;elle doit &ecirc;tre refroidie, la chaleur est rejet&eacute;e vers les tours d&rsquo;eau et le refroidisseur &raquo;, explique Martin Bri&egrave;re-Provencher, conseiller principal expertise &eacute;nerg&eacute;tique du groupe DATECH, qui a accompagn&eacute; Cogir dans l&rsquo;obtention de la subvention <a href=\"https:\/\/energir.com\/fr\/affaires\/efficacite-energetique\/programme-efficacite-energetique\/nouvelle-construction-efficace\">Nouvelle construction efficace<\/a> d&rsquo;&Eacute;nergir.<\/p><\/blockquote>\n<\/div>\n<\/div><\/div><\/div><div id=\"pgc-9045-1-1\" class=\"panel-grid-cell\"><div id=\"panel-9045-1-1-0\" class=\"so-panel widget widget_sow-image panel-first-child panel-last-child\" data-index=\"3\"><div class=\"so-widget-sow-image so-widget-sow-image-default-d6014b76747a\">\n\n<div class=\"sow-image-container\">\n\t<img loading=\"lazy\" decoding=\"async\" src=\"https:\/\/informatech.energir.com\/wp-content\/uploads\/2024\/01\/Master_Ext_Cam001_revision2-r.jpg\" width=\"1302\" height=\"2000\" srcset=\"https:\/\/informatech.energir.com\/wp-content\/uploads\/2024\/01\/Master_Ext_Cam001_revision2-r.jpg 1302w, https:\/\/informatech.energir.com\/wp-content\/uploads\/2024\/01\/Master_Ext_Cam001_revision2-r-195x300.jpg 195w, https:\/\/informatech.energir.com\/wp-content\/uploads\/2024\/01\/Master_Ext_Cam001_revision2-r-667x1024.jpg 667w, https:\/\/informatech.energir.com\/wp-content\/uploads\/2024\/01\/Master_Ext_Cam001_revision2-r-768x1180.jpg 768w, https:\/\/informatech.energir.com\/wp-content\/uploads\/2024\/01\/Master_Ext_Cam001_revision2-r-1000x1536.jpg 1000w\" sizes=\"(max-width: 1302px) 100vw, 1302px\" alt=\"\" class=\"so-widget-image\"\/>\n<\/div>\n\n<\/div><\/div><\/div><\/div><div id=\"pg-9045-2\" class=\"panel-grid panel-no-style\"><div id=\"pgc-9045-2-0\" class=\"panel-grid-cell\"><div id=\"panel-9045-2-0-0\" class=\"so-panel widget widget_sow-editor panel-first-child\" data-index=\"4\"><div class=\"so-widget-sow-editor so-widget-sow-editor-base\">\n<div class=\"siteorigin-widget-tinymce textwidget\">\n\t<h3>Les bienfaits de la mixit&eacute;<\/h3>\n<p>L&rsquo;avantage de ce projet, c&rsquo;est que tous les espaces n&rsquo;ont pas la m&ecirc;me vocation, si bien que les pics de demande &eacute;nerg&eacute;tique n&rsquo;ont pas lieu au m&ecirc;me moment; le syst&egrave;me maximise donc les &eacute;changes &eacute;nerg&eacute;tiques entre les diff&eacute;rents usages pour r&eacute;duire la consommation d&rsquo;&eacute;nergie totale du complexe. Autre avantage de cette mixit&eacute;, la capacit&eacute; totale de la centrale thermique n&rsquo;a pas &agrave; correspondre au total des demandes maximales de tous les utilisateurs. <\/p>\n<blockquote><p>&laquo; Si on avait d&ucirc; d&eacute;ployer quatre centrales (pour r&eacute;pondre aux quatre vocations du complexe), la consommation de chaque centrale n&rsquo;aurait pas seulement repr&eacute;sent&eacute; le quart de la consommation totale, mais sans doute beaucoup plus &raquo;, indique Martin Bri&egrave;re-Provencher.<\/p><\/blockquote>\n<p>En outre, les thermopompes ont une efficacit&eacute; tr&egrave;s &eacute;lev&eacute;e de l&rsquo;ordre de 200 &agrave; 300 %, ce qui contribue &agrave; l&rsquo;efficacit&eacute; &eacute;nerg&eacute;tique globale du projet. <\/p>\n<p>Enfin, note Martin Bri&egrave;re-Provencher, <\/p>\n<blockquote><p>&laquo; une boucle &eacute;nerg&eacute;tique offre &eacute;norm&eacute;ment de souplesse &ndash; on pourrait par exemple passer &agrave; la bi&eacute;nergie simplement en ajoutant un &eacute;quipement, plut&ocirc;t que d&rsquo;avoir &agrave; repenser tout le syst&egrave;me. &raquo;<\/p><\/blockquote>\n<p>Sachant qu&rsquo;une solution bi&eacute;nergie pourrait permettre de r&eacute;duire la consommation de gaz naturel de la boucle d&rsquo;eau mitig&eacute;e d&rsquo;environ 70 %, cette possibilit&eacute; offre des perspectives prometteuses en vue d&rsquo;une r&eacute;duction accrue des &eacute;missions de GES du projet Humaniti.<\/p>\n<\/div>\n<\/div><\/div><div id=\"panel-9045-2-0-1\" class=\"so-panel widget widget_sow-editor panel-last-child\" data-index=\"5\"><div class=\"so-widget-sow-editor so-widget-sow-editor-base\">\n<div class=\"siteorigin-widget-tinymce textwidget\">\n\t<h3>Durabilit&eacute; et mieux-&ecirc;tre : une combinaison gagnante<\/h3>\n<p>Cette approche holistique de la gestion de l&rsquo;&eacute;nergie a permis une r&eacute;duction de la consommation de 34 % par rapport aux b&acirc;timents de r&eacute;f&eacute;rence (avec les normes en vigueur du CNEB 2015 Qc) avec des &eacute;conomies annuelles de 220 000 m<sup>3<\/sup> de gaz naturel, soit l&rsquo;&eacute;quivalent de 421,52 tonnes de GES. Elle a &eacute;galement contribu&eacute; &agrave; l&rsquo;obtention de la certification LEED Argent, qui souligne l&rsquo;excellence du projet Humaniti en mati&egrave;re de pratiques durables. &Agrave; cette certification s&rsquo;ajoute une certification WELL Argent pour les condominiums locatifs, qui consacre les projets favorisant le mieux-&ecirc;tre et la sant&eacute; de leurs occupants &ndash; un aspect essentiel du complexe, qui place l&rsquo;humain au centre de sa conception.<\/p>\n<\/div>\n<\/div><\/div><\/div><\/div><div id=\"pg-9045-3\" class=\"panel-grid panel-no-style\"><div id=\"pgc-9045-3-0\" class=\"panel-grid-cell\"><div id=\"panel-9045-3-0-0\" class=\"so-panel widget widget_sow-editor panel-first-child panel-last-child\" data-index=\"6\"><div class=\"so-widget-sow-editor so-widget-sow-editor-base\">\n<div class=\"siteorigin-widget-tinymce textwidget\">\n\t<p>Martin Bri&egrave;re-Provencher.<br>\nConseiller principal expertise &eacute;nerg&eacute;tique<br>\n<a href=\"https:\/\/www.energir.com\/fr\/affaires\/espace-client\/nous-joindre\/groupe-datech\/\" target=\"_blank\" rel=\"noopener\">Groupe DATECH<\/a> &ndash; D&eacute;veloppement et assistance technique<\/p>\n<\/div>\n<\/div><\/div><\/div><\/div><\/div>","protected":false},"excerpt":{"rendered":"<p>Situ&eacute; &agrave; l&rsquo;angle de la rue De Bleury et de l&rsquo;avenue Viger, au c&oelig;ur du Quartier international de Montr&eacute;al, le projet Humaniti est un complexe multifonctionnel de nouvelle g&eacute;n&eacute;ration dont la multiplicit&eacute; des usages &ndash; r&eacute;sidentiel, h&ocirc;telier, commercial et bureaux &hellip; <a href=\"https:\/\/informatech.energir.com\/?p=9045\">Lire la suite<\/a><\/p>\n","protected":false},"author":24,"featured_media":9055,"comment_status":"closed","ping_status":"closed","sticky":false,"template":"","format":"standard","meta":{"footnotes":""},"categories":[1],"tags":[],"yoast_head":"<!-- This site is optimized with the Yoast SEO plugin v16.3 - https:\/\/yoast.com\/wordpress\/plugins\/seo\/ -->\n<meta name=\"description\" content=\"Les concepteurs du projet Humaniti Montr\u00e9al ont repens\u00e9 la gestion de l\u2019\u00e9nergie pour cr\u00e9er un complexe qui privil\u00e9gie d\u00e9veloppement durable et qualit\u00e9 de vie\" \/>\n<meta name=\"robots\" content=\"index, follow, max-snippet:-1, max-image-preview:large, max-video-preview:-1\" \/>\n<link rel=\"canonical\" href=\"https:\/\/informatech.energir.com\/?p=9045\" \/>\n<meta property=\"og:locale\" content=\"fr_FR\" \/>\n<meta property=\"og:type\" content=\"article\" \/>\n<meta property=\"og:title\" content=\"Concilier optimisation \u00e9nerg\u00e9tique et confort des occupants\" \/>\n<meta property=\"og:description\" content=\"Les concepteurs du projet Humaniti Montr\u00e9al ont repens\u00e9 la gestion de l\u2019\u00e9nergie pour cr\u00e9er un complexe qui privil\u00e9gie d\u00e9veloppement durable et qualit\u00e9 de vie\" \/>\n<meta property=\"og:url\" content=\"https:\/\/informatech.energir.com\/?p=9045\" \/>\n<meta property=\"og:site_name\" content=\"Informa-TECH\" \/>\n<meta property=\"article:published_time\" content=\"2024-01-24T11:00:54+00:00\" \/>\n<meta property=\"article:modified_time\" content=\"2024-01-24T13:22:49+00:00\" \/>\n<meta property=\"og:image\" content=\"https:\/\/informatech.energir.com\/wp-content\/uploads\/2024\/01\/1934_Humaniti_Cam006_Final-r.jpg\" \/>\n\t<meta property=\"og:image:width\" content=\"1500\" \/>\n\t<meta property=\"og:image:height\" content=\"1500\" \/>\n<meta name=\"twitter:card\" content=\"summary_large_image\" \/>\n<meta name=\"twitter:label1\" content=\"Dur\u00e9e de lecture est.\">\n\t<meta name=\"twitter:data1\" content=\"6 minutes\">\n<script type=\"application\/ld+json\" class=\"yoast-schema-graph\">{\"@context\":\"https:\/\/schema.org\",\"@graph\":[{\"@type\":\"WebSite\",\"@id\":\"https:\/\/informatech.energir.com\/#website\",\"url\":\"https:\/\/informatech.energir.com\/\",\"name\":\"Informa-TECH\",\"description\":\"Informa-TECH\",\"potentialAction\":[{\"@type\":\"SearchAction\",\"target\":\"https:\/\/informatech.energir.com\/?s={search_term_string}\",\"query-input\":\"required name=search_term_string\"}],\"inLanguage\":\"fr-FR\"},{\"@type\":\"ImageObject\",\"@id\":\"https:\/\/informatech.energir.com\/?p=9045#primaryimage\",\"inLanguage\":\"fr-FR\",\"url\":\"https:\/\/informatech.energir.com\/wp-content\/uploads\/2024\/01\/1934_Humaniti_Cam006_Final-r.jpg\",\"contentUrl\":\"https:\/\/informatech.energir.com\/wp-content\/uploads\/2024\/01\/1934_Humaniti_Cam006_Final-r.jpg\",\"width\":1500,\"height\":1500},{\"@type\":\"WebPage\",\"@id\":\"https:\/\/informatech.energir.com\/?p=9045#webpage\",\"url\":\"https:\/\/informatech.energir.com\/?p=9045\",\"name\":\"Concilier optimisation \\u00e9nerg\\u00e9tique et confort des occupants\",\"isPartOf\":{\"@id\":\"https:\/\/informatech.energir.com\/#website\"},\"primaryImageOfPage\":{\"@id\":\"https:\/\/informatech.energir.com\/?p=9045#primaryimage\"},\"datePublished\":\"2024-01-24T11:00:54+00:00\",\"dateModified\":\"2024-01-24T13:22:49+00:00\",\"author\":{\"@id\":\"https:\/\/informatech.energir.com\/#\/schema\/person\/d134c8b5831e79301607cba6ab54d892\"},\"description\":\"Les concepteurs du projet Humaniti Montr\\u00e9al ont repens\\u00e9 la gestion de l\\u2019\\u00e9nergie pour cr\\u00e9er un complexe qui privil\\u00e9gie d\\u00e9veloppement durable et qualit\\u00e9 de vie\",\"breadcrumb\":{\"@id\":\"https:\/\/informatech.energir.com\/?p=9045#breadcrumb\"},\"inLanguage\":\"fr-FR\",\"potentialAction\":[{\"@type\":\"ReadAction\",\"target\":[\"https:\/\/informatech.energir.com\/?p=9045\"]}]},{\"@type\":\"BreadcrumbList\",\"@id\":\"https:\/\/informatech.energir.com\/?p=9045#breadcrumb\",\"itemListElement\":[{\"@type\":\"ListItem\",\"position\":1,\"item\":{\"@type\":\"WebPage\",\"@id\":\"https:\/\/informatech.energir.com\/\",\"url\":\"https:\/\/informatech.energir.com\/\",\"name\":\"Accueil\"}},{\"@type\":\"ListItem\",\"position\":2,\"item\":{\"@id\":\"https:\/\/informatech.energir.com\/?p=9045#webpage\"}}]},{\"@type\":\"Person\",\"@id\":\"https:\/\/informatech.energir.com\/#\/schema\/person\/d134c8b5831e79301607cba6ab54d892\",\"name\":\"Martin Bri\\u00e8re-Provencher\",\"image\":{\"@type\":\"ImageObject\",\"@id\":\"https:\/\/informatech.energir.com\/#personlogo\",\"inLanguage\":\"fr-FR\",\"url\":\"https:\/\/informatech.energir.com\/wp-content\/uploads\/2022\/12\/Martin-Briere-Provencher_800-150x150.png\",\"contentUrl\":\"https:\/\/informatech.energir.com\/wp-content\/uploads\/2022\/12\/Martin-Briere-Provencher_800-150x150.png\",\"caption\":\"Martin Bri\\u00e8re-Provencher\"},\"url\":\"https:\/\/informatech.energir.com?author_name\"}]}<\/script>\n<!-- \/ Yoast SEO plugin. -->","_links":{"self":[{"href":"https:\/\/informatech.energir.com\/index.php?rest_route=\/wp\/v2\/posts\/9045"}],"collection":[{"href":"https:\/\/informatech.energir.com\/index.php?rest_route=\/wp\/v2\/posts"}],"about":[{"href":"https:\/\/informatech.energir.com\/index.php?rest_route=\/wp\/v2\/types\/post"}],"author":[{"embeddable":true,"href":"https:\/\/informatech.energir.com\/index.php?rest_route=\/wp\/v2\/users\/24"}],"replies":[{"embeddable":true,"href":"https:\/\/informatech.energir.com\/index.php?rest_route=%2Fwp%2Fv2%2Fcomments&post=9045"}],"version-history":[{"count":9,"href":"https:\/\/informatech.energir.com\/index.php?rest_route=\/wp\/v2\/posts\/9045\/revisions"}],"predecessor-version":[{"id":9047,"href":"https:\/\/informatech.energir.com\/index.php?rest_route=\/wp\/v2\/posts\/9045\/revisions\/9047"}],"wp:featuredmedia":[{"embeddable":true,"href":"https:\/\/informatech.energir.com\/index.php?rest_route=\/wp\/v2\/media\/9055"}],"wp:attachment":[{"href":"https:\/\/informatech.energir.com\/index.php?rest_route=%2Fwp%2Fv2%2Fmedia&parent=9045"}],"wp:term":[{"taxonomy":"category","embeddable":true,"href":"https:\/\/informatech.energir.com\/index.php?rest_route=%2Fwp%2Fv2%2Fcategories&post=9045"},{"taxonomy":"post_tag","embeddable":true,"href":"https:\/\/informatech.energir.com\/index.php?rest_route=%2Fwp%2Fv2%2Ftags&post=9045"}],"curies":[{"name":"wp","href":"https:\/\/api.w.org\/{rel}","templated":true}]}}